{"id":935,"date":"2026-01-18T18:11:31","date_gmt":"2026-01-18T16:11:31","guid":{"rendered":"https:\/\/joenpolvi.fi\/?p=935"},"modified":"2026-01-18T18:11:33","modified_gmt":"2026-01-18T16:11:33","slug":"kun-arki-kantaa-pienia-havaintoja-merkityksellisesta-elamasta","status":"publish","type":"post","link":"https:\/\/joenpolvi.fi\/?p=935","title":{"rendered":"Kun arki kantaa \u2013 pieni\u00e4 havaintoja merkityksellisest\u00e4 el\u00e4m\u00e4st\u00e4"},"content":{"rendered":"\n<figure class=\"wp-block-pullquote\"><blockquote><p>Merkityksellinen arki l\u00f6ytyy usein sielt\u00e4, miss\u00e4 sit\u00e4 v\u00e4hiten etsimme \u2013 kahvikupin \u00e4\u00e4relt\u00e4, hiljaisesta kohtaamisesta ja hetkest\u00e4, jolloin saa olla ilman vaatimuksia.<\/p><\/blockquote><\/figure>\n\n\n\n<h3 class=\"wp-block-heading\">Merkityksellinen arki syntyy pienist\u00e4 asioista<\/h3>\n\n\n\n<p>Pitk\u00e4\u00e4n ajattelin, ett\u00e4 merkityksellinen el\u00e4m\u00e4 syntyy suurista p\u00e4\u00e4t\u00f6ksist\u00e4, el\u00e4m\u00e4nmuutoksista tai selkeist\u00e4 oivalluksista. Ett\u00e4 pit\u00e4isi l\u00f6yt\u00e4\u00e4 <em>se yksi asia<\/em>, joka tekee kaikesta ymm\u00e4rrett\u00e4v\u00e4\u00e4 ja oikeanlaista.<\/p>\n\n\n\n<p>Nyky\u00e4\u00e4n ajattelen toisin.<\/p>\n\n\n\n<p>Merkityksellinen arki rakentuu usein hyvin pienist\u00e4 asioista \u2013 sellaisista, joita ei aina edes huomata. Hetkist\u00e4, joissa olo kevenee ilman erityist\u00e4 syyt\u00e4. Siit\u00e4, ett\u00e4 joku tervehtii. Ett\u00e4 kahvi on l\u00e4mmint\u00e4 ja tila tuntuu turvalliselta.<\/p>\n\n\n\n<h3 class=\"wp-block-heading\">Arjen hyvinvointi ei synny suorittamisesta<\/h3>\n\n\n\n<p>Moni meist\u00e4 el\u00e4\u00e4 arkea, jossa pit\u00e4isi jaksaa, kehitty\u00e4 ja p\u00e4rj\u00e4t\u00e4. Samaan aikaan yh\u00e4 useampi kokee v\u00e4symyst\u00e4, ulkopuolisuutta tai tunnetta siit\u00e4, ettei oikein mahdu mihink\u00e4\u00e4n.<\/p>\n\n\n\n<p>Arjen hyvinvointi ei kuitenkaan synny lis\u00e4\u00e4m\u00e4ll\u00e4 vaatimuksia. Se syntyy hetkist\u00e4, joissa ihminen saa olla hetken rauhassa \u2013 ilman roolia tai selityksi\u00e4.<\/p>\n\n\n\n<p>Yhteis\u00f6tiloissa ja matalan kynnyksen kohtaamispaikoissa t\u00e4m\u00e4n n\u00e4kee konkreettisesti. Ihmiset eiv\u00e4t aina tule ohjelman vuoksi, vaan siksi, ett\u00e4 paikka tuntuu hyv\u00e4lt\u00e4. Kehossa tapahtuu muutos: askel hidastuu, hartiat laskeutuvat, katse pehmenee.<\/p>\n\n\n\n<h3 class=\"wp-block-heading\">Yhteis\u00f6llisyys on tunne, ei tapahtuma<\/h3>\n\n\n\n<p>Yhteis\u00f6llisyys ei synny vain toiminnasta tai tapahtumakalenterista. Se syntyy kokemuksesta, ett\u00e4 on tervetullut. Ett\u00e4 tulee n\u00e4hdyksi omana itsen\u00e4\u00e4n.<\/p>\n\n\n\n<p>Osallisuus ei tarkoita aktiivisuutta tai osallistumispakkoa. Se voi olla my\u00f6s hiljaista l\u00e4sn\u00e4oloa, kuulumista joukkoon ilman velvollisuutta olla mit\u00e4\u00e4n muuta.<\/p>\n\n\n\n<p>Usein juuri arjen pienet asiat luovat t\u00e4m\u00e4n tunteen:<\/p>\n\n\n\n<ul class=\"wp-block-list\">\n<li>siisti ja rauhallinen tila<\/li>\n\n\n\n<li>yst\u00e4v\u00e4llinen katse tai hymy<\/li>\n\n\n\n<li>hetki, jolloin joku kysyy kuulumisia<\/li>\n<\/ul>\n\n\n\n<p>N\u00e4m\u00e4 eiv\u00e4t ole sivuseikkoja, vaan yhteis\u00f6llisyyden perusrakenteita.<\/p>\n\n\n\n<h3 class=\"wp-block-heading\">Merkityksellinen el\u00e4m\u00e4 l\u00f6ytyy arjen keskelt\u00e4<\/h3>\n\n\n\n<p>Ehk\u00e4 merkityksellinen el\u00e4m\u00e4 ei ole jotakin, mit\u00e4 saavutetaan.<br>Ehk\u00e4 se on jotakin, mihin palataan \u2013 yh\u00e4 uudelleen.<\/p>\n\n\n\n<p>Arjen keskelle. Tavallisiin hetkiin. Paikkoihin, joissa saa olla hetken turvassa maailmalta ja itselt\u00e4\u00e4nkin.<\/p>\n\n\n\n<p>Ja parhaimmillaan: yhdess\u00e4 muiden kanssa.<\/p>\n","protected":false},"excerpt":{"rendered":"<p>Miten merkityksellinen el\u00e4m\u00e4 rakentuu arjessa? Artikkeli tarkastelee arjen hyvinvointia, yhteis\u00f6llisyytt\u00e4 ja osallisuutta sek\u00e4 sit\u00e4, miksi pienill\u00e4 asioilla on suuri merkitys.<\/p>\n","protected":false},"author":2,"featured_media":936,"comment_status":"open","ping_status":"open","sticky":false,"template":"","format":"standard","meta":{"_jetpack_memberships_contains_paid_content":false,"footnotes":""},"categories":[181],"tags":[266,270,269,265,267,268],"class_list":["post-935","post","type-post","status-publish","format-standard","has-post-thumbnail","hentry","category-yhteisollisyys","tag-arjen-hyvinvointi","tag-arjen-pienet-asiat","tag-matalan-kynnyksen-kohtaamispaikka","tag-merkityksellinen-elama","tag-osallisuus","tag-yhteisollisyys"],"jetpack_featured_media_url":"https:\/\/joenpolvi.fi\/wp-content\/uploads\/2026\/01\/ChatGPT-Image-18.1.2026-klo-18.08.57.png","jetpack_sharing_enabled":true,"_links":{"self":[{"href":"https:\/\/joenpolvi.fi\/index.php?rest_route=\/wp\/v2\/posts\/935","targetHints":{"allow":["GET"]}}],"collection":[{"href":"https:\/\/joenpolvi.fi\/index.php?rest_route=\/wp\/v2\/posts"}],"about":[{"href":"https:\/\/joenpolvi.fi\/index.php?rest_route=\/wp\/v2\/types\/post"}],"author":[{"embeddable":true,"href":"https:\/\/joenpolvi.fi\/index.php?rest_route=\/wp\/v2\/users\/2"}],"replies":[{"embeddable":true,"href":"https:\/\/joenpolvi.fi\/index.php?rest_route=%2Fwp%2Fv2%2Fcomments&post=935"}],"version-history":[{"count":1,"href":"https:\/\/joenpolvi.fi\/index.php?rest_route=\/wp\/v2\/posts\/935\/revisions"}],"predecessor-version":[{"id":937,"href":"https:\/\/joenpolvi.fi\/index.php?rest_route=\/wp\/v2\/posts\/935\/revisions\/937"}],"wp:featuredmedia":[{"embeddable":true,"href":"https:\/\/joenpolvi.fi\/index.php?rest_route=\/wp\/v2\/media\/936"}],"wp:attachment":[{"href":"https:\/\/joenpolvi.fi\/index.php?rest_route=%2Fwp%2Fv2%2Fmedia&parent=935"}],"wp:term":[{"taxonomy":"category","embeddable":true,"href":"https:\/\/joenpolvi.fi\/index.php?rest_route=%2Fwp%2Fv2%2Fcategories&post=935"},{"taxonomy":"post_tag","embeddable":true,"href":"https:\/\/joenpolvi.fi\/index.php?rest_route=%2Fwp%2Fv2%2Ftags&post=935"}],"curies":[{"name":"wp","href":"https:\/\/api.w.org\/{rel}","templated":true}]}}