{"id":969,"date":"2026-01-18T21:09:53","date_gmt":"2026-01-18T19:09:53","guid":{"rendered":"https:\/\/joenpolvi.fi\/?p=969"},"modified":"2026-01-18T22:13:51","modified_gmt":"2026-01-18T20:13:51","slug":"miksi-yhteisotilat-ovat-tulevaisuuden-hyvinvointipalvelu","status":"publish","type":"post","link":"https:\/\/joenpolvi.fi\/?p=969","title":{"rendered":"Miksi yhteis\u00f6tilat ovat tulevaisuuden hyvinvointipalvelu?"},"content":{"rendered":"\n<figure class=\"wp-block-pullquote\"><blockquote><p>Hyvinvointi ei synny vain yksil\u00f6n valinnoista, vaan arjen ymp\u00e4rist\u00f6ist\u00e4, joissa ihminen el\u00e4\u00e4. Yhteis\u00f6tilat tarjoavat matalan kynnyksen paikkoja kohtaamiselle, osallisuudelle ja merkitykselliselle arjelle \u2013 ja siksi ne ovat tulevaisuuden hyvinvointipalvelu.<\/p><\/blockquote><\/figure>\n\n\n\n<p>Hyvinvointia koskeva keskustelu on pitk\u00e4\u00e4n keskittynyt yksil\u00f6\u00f6n: jaksamiseen, resilienssiin, el\u00e4m\u00e4ntapavalintoihin ja omaan vastuuseen. Samalla on j\u00e4\u00e4nyt v\u00e4hemm\u00e4lle huomiolle yksi ratkaiseva tekij\u00e4 \u2013 <strong>ymp\u00e4rist\u00f6<\/strong>, jossa ihminen el\u00e4\u00e4 arkeaan. Yhteis\u00f6tilat nostavat t\u00e4m\u00e4n n\u00e4k\u00f6kulman keski\u00f6\u00f6n.<\/p>\n\n\n\n<p>Yhteis\u00f6tila ei ole vain paikka. Se on <strong>rakennettu mahdollisuus hyvinvointiin<\/strong>.<\/p>\n\n\n\n<h3 class=\"wp-block-heading\">Hyvinvointi syntyy arjessa, ei vastaanotolla<\/h3>\n\n\n\n<p>Suurin osa el\u00e4m\u00e4st\u00e4 tapahtuu hoitokontaktien ja palveluj\u00e4rjestelm\u00e4n ulkopuolella. Yksin\u00e4isyys, merkityksett\u00f6myyden kokemus ja osattomuus eiv\u00e4t useimmiten ratkea diagnooseilla tai lyhyill\u00e4 interventioilla. Ne ratkeavat \u2013 tai lieventyv\u00e4t \u2013 arjessa, toistuvissa kohtaamisissa ja kuulumisen kokemuksessa.<\/p>\n\n\n\n<p>Yhteis\u00f6tilat tarjoavat:<\/p>\n\n\n\n<ul class=\"wp-block-list\">\n<li>matalan kynnyksen osallistumista ilman l\u00e4hetett\u00e4<\/li>\n\n\n\n<li>mahdollisuuden tulla mukaan omana itsen\u00e4\u00e4n<\/li>\n\n\n\n<li>arkeen kiinnittyvi\u00e4 rutiineja ja rytmi\u00e4<\/li>\n<\/ul>\n\n\n\n<blockquote class=\"wp-block-quote has-text-align-center is-layout-flow wp-block-quote-is-layout-flow\">\n<p>Kun ihminen voi poiketa yhteis\u00f6tilaan ilman suorituspaineita, syntyy hyvinvointia, joka ei tunnu palvelulta vaan el\u00e4m\u00e4lt\u00e4.<\/p>\n<\/blockquote>\n\n\n\n<h3 class=\"wp-block-heading\">Ennaltaehk\u00e4isy\u00e4, joka ei tunnu ehk\u00e4isylt\u00e4<\/h3>\n\n\n\n<p>Yhteis\u00f6tilat ovat tehokasta <strong>ennaltaehk\u00e4isev\u00e4\u00e4 hyvinvointity\u00f6t\u00e4<\/strong>, vaikka niit\u00e4 ei aina tunnisteta sellaisiksi. Ne ehk\u00e4isev\u00e4t yksin\u00e4isyytt\u00e4, syrj\u00e4ytymist\u00e4 ja mielen kuormittumista jo ennen kuin ongelmat kasautuvat.<\/p>\n\n\n\n<p>Keskeist\u00e4 on, ett\u00e4 yhteis\u00f6tila:<\/p>\n\n\n\n<ul class=\"wp-block-list\">\n<li>ei leimaa k\u00e4vij\u00e4\u00e4<\/li>\n\n\n\n<li>ei vaadi selityksi\u00e4<\/li>\n\n\n\n<li>ei korjaa, vaan kannattelee<\/li>\n<\/ul>\n\n\n\n<p>Juuri t\u00e4m\u00e4 tekee yhteis\u00f6tiloista vaikuttavia. Ne tavoittavat my\u00f6s ne ihmiset, jotka eiv\u00e4t koe kuuluvansa perinteisten palvelujen piiriin.<\/p>\n\n\n\n<h3 class=\"wp-block-heading\">Pienet asiat rakentavat suurta hyvinvointia<\/h3>\n\n\n\n<p>Yhteis\u00f6tilojen voima piilee yksityiskohdissa. Kahvi, tervehdys, tuttu tila, selke\u00e4t rakenteet ja turvallinen ilmapiiri ovat mikroelementtej\u00e4, joilla on yll\u00e4tt\u00e4v\u00e4n suuri vaikutus.<\/p>\n\n\n\n<p>Hyvinvointi ei synny suurista ohjelmista vaan:<\/p>\n\n\n\n<ul class=\"wp-block-list\">\n<li>siit\u00e4, ett\u00e4 joku huomaa<\/li>\n\n\n\n<li>siit\u00e4, ett\u00e4 tila on siisti ja kutsuva<\/li>\n\n\n\n<li>siit\u00e4, ett\u00e4 tiet\u00e4\u00e4 olevansa tervetullut<\/li>\n<\/ul>\n\n\n\n<p>N\u00e4m\u00e4 elementit eiv\u00e4t n\u00e4y tilastoissa nopeasti, mutta ne n\u00e4kyv\u00e4t ihmisten sitoutumisessa, luottamuksessa ja halussa tulla uudelleen.<\/p>\n\n\n\n<h3 class=\"wp-block-heading\">Yhteis\u00f6tilat t\u00e4ydent\u00e4v\u00e4t \u2013 eiv\u00e4t korvaa \u2013 palveluj\u00e4rjestelm\u00e4\u00e4<\/h3>\n\n\n\n<p>On t\u00e4rke\u00e4\u00e4 sanoa \u00e4\u00e4neen: yhteis\u00f6tilat eiv\u00e4t ole vaihtoehto sosiaali- ja terveyspalveluille. Ne ovat <strong>niit\u00e4 t\u00e4ydent\u00e4v\u00e4 perusrakenne<\/strong>, joka kannattelee ihmisi\u00e4 arjessa ja kevent\u00e4\u00e4 raskaampien palvelujen tarvetta.<\/p>\n\n\n\n<p>Kun yhteis\u00f6tila toimii:<\/p>\n\n\n\n<ul class=\"wp-block-list\">\n<li>kynnys hakea apua madaltuu<\/li>\n\n\n\n<li>ongelmat tunnistetaan varhaisemmassa vaiheessa<\/li>\n\n\n\n<li>ihmiset eiv\u00e4t j\u00e4\u00e4 yksin<\/li>\n<\/ul>\n\n\n\n<p>T\u00e4m\u00e4 on my\u00f6s taloudellisesti kest\u00e4v\u00e4\u00e4 hyvinvointipolitiikkaa.<\/p>\n\n\n\n<h3 class=\"wp-block-heading\">Tulevaisuuden hyvinvointi on yhteis\u00f6llist\u00e4<\/h3>\n\n\n\n<p>Yhteiskunnassa, jossa yksil\u00f6llisyys on pitk\u00e4\u00e4n ollut keski\u00f6ss\u00e4, olemme palaamassa peruskysymyksen \u00e4\u00e4relle: <strong>kuka n\u00e4kee minut arjessa?<\/strong> Yhteis\u00f6tilat vastaavat t\u00e4h\u00e4n kysymykseen konkreettisesti.<\/p>\n\n\n\n<p>Ne tarjoavat:<\/p>\n\n\n\n<ul class=\"wp-block-list\">\n<li>paikan olla ilman roolia<\/li>\n\n\n\n<li>mahdollisuuden kuulua ilman suoritusta<\/li>\n\n\n\n<li>tilan, jossa hyvinvointi syntyy yhdess\u00e4<\/li>\n<\/ul>\n\n\n\n<p>Siksi yhteis\u00f6tilat eiv\u00e4t ole vain mukava lis\u00e4. Ne ovat tulevaisuuden hyvinvointipalvelu \u2013 hiljainen, arkinen ja juuri siksi vaikuttava.<\/p>\n\n\n\n<p><a href=\"https:\/\/joenpolvi.fi\/?p=1001\" data-type=\"post\" data-id=\"1001\">Yhteis\u00f6tilat ja mielenterveyden k\u00e4si \u2013 hyvinvointi rakentuu kokonaisuudesta<\/a><\/p>\n","protected":false},"excerpt":{"rendered":"<p>Yhteis\u00f6tilat tukevat hyvinvointia arjessa, ennaltaehk\u00e4isev\u00e4t yksin\u00e4isyytt\u00e4 ja t\u00e4ydent\u00e4v\u00e4t palveluj\u00e4rjestelm\u00e4\u00e4. Tulevaisuuden hyvinvointi on yhteis\u00f6llist\u00e4.<\/p>\n","protected":false},"author":2,"featured_media":973,"comment_status":"open","ping_status":"open","sticky":false,"template":"","format":"standard","meta":{"_jetpack_memberships_contains_paid_content":false,"footnotes":""},"categories":[295,277,181,271],"tags":[266,301,300,299,290,267,298,297,303,302],"class_list":["post-969","post","type-post","status-publish","format-standard","has-post-thumbnail","hentry","category-kestava-hyvinvointi","category-osallisuus","category-yhteisollisyys","category-yhteisotila","tag-arjen-hyvinvointi","tag-ennaltaehkaiseva-hyvinvointi","tag-hyvinvointipalvelut","tag-kohtaamispaikat","tag-matalan-kynnyksen-toiminta","tag-osallisuus","tag-yhteisollinen-hyvinvointi","tag-yhteisotilat","tag-yhteisotyo","tag-yksinaisyyden-ehkaisy"],"jetpack_featured_media_url":"https:\/\/joenpolvi.fi\/wp-content\/uploads\/2026\/01\/ChatGPT-Image-18.1.2026-klo-21.06.37.png","jetpack_sharing_enabled":true,"_links":{"self":[{"href":"https:\/\/joenpolvi.fi\/index.php?rest_route=\/wp\/v2\/posts\/969","targetHints":{"allow":["GET"]}}],"collection":[{"href":"https:\/\/joenpolvi.fi\/index.php?rest_route=\/wp\/v2\/posts"}],"about":[{"href":"https:\/\/joenpolvi.fi\/index.php?rest_route=\/wp\/v2\/types\/post"}],"author":[{"embeddable":true,"href":"https:\/\/joenpolvi.fi\/index.php?rest_route=\/wp\/v2\/users\/2"}],"replies":[{"embeddable":true,"href":"https:\/\/joenpolvi.fi\/index.php?rest_route=%2Fwp%2Fv2%2Fcomments&post=969"}],"version-history":[{"count":3,"href":"https:\/\/joenpolvi.fi\/index.php?rest_route=\/wp\/v2\/posts\/969\/revisions"}],"predecessor-version":[{"id":1004,"href":"https:\/\/joenpolvi.fi\/index.php?rest_route=\/wp\/v2\/posts\/969\/revisions\/1004"}],"wp:featuredmedia":[{"embeddable":true,"href":"https:\/\/joenpolvi.fi\/index.php?rest_route=\/wp\/v2\/media\/973"}],"wp:attachment":[{"href":"https:\/\/joenpolvi.fi\/index.php?rest_route=%2Fwp%2Fv2%2Fmedia&parent=969"}],"wp:term":[{"taxonomy":"category","embeddable":true,"href":"https:\/\/joenpolvi.fi\/index.php?rest_route=%2Fwp%2Fv2%2Fcategories&post=969"},{"taxonomy":"post_tag","embeddable":true,"href":"https:\/\/joenpolvi.fi\/index.php?rest_route=%2Fwp%2Fv2%2Ftags&post=969"}],"curies":[{"name":"wp","href":"https:\/\/api.w.org\/{rel}","templated":true}]}}